{"id":8662,"date":"2019-10-05T16:06:54","date_gmt":"2019-10-05T14:06:54","guid":{"rendered":"https:\/\/www.paisajesverticales.com\/nos-preparamos-para-poder-volar-con-dron-en-entorno-urbano\/"},"modified":"2020-07-13T11:31:54","modified_gmt":"2020-07-13T09:31:54","slug":"ens-preparem-per-a-poder-volar-amb-dron-en-entorn-urba","status":"publish","type":"post","link":"https:\/\/www.paisajesverticales.com\/en\/novetats-sobre-fotografia-i-video-aeri-amb-drons\/ens-preparem-per-a-poder-volar-amb-dron-en-entorn-urba\/","title":{"rendered":"Ens preparem per a poder volar amb dron en entorn urb\u00e0"},"content":{"rendered":"<div class=\"fusion-fullwidth fullwidth-box fusion-builder-row-1 nonhundred-percent-fullwidth non-hundred-percent-height-scrolling\" style=\"--awb-border-radius-top-left:0px;--awb-border-radius-top-right:0px;--awb-border-radius-bottom-right:0px;--awb-border-radius-bottom-left:0px;--awb-padding-right:0px;--awb-padding-left:0px;--awb-flex-wrap:wrap;\" ><div class=\"fusion-builder-row fusion-row\"><div class=\"fusion-layout-column fusion_builder_column fusion-builder-column-0 fusion_builder_column_1_1 1_1 fusion-one-full fusion-column-first fusion-column-last\" style=\"--awb-bg-size:cover;\"><div class=\"fusion-column-wrapper fusion-flex-column-wrapper-legacy\"><div class=\"fusion-text fusion-text-1\"><p>Paisatges Verticals<span style=\"font-size: 8pt;\"><sup>\u00ae<\/sup><\/span> es prepara des de fa mesos per poder operar en entorns que estan prohibits als aficionats i fins i tot a altres empreses de drons que no s&#8217;estiguin preparant adequadament, que lamentablement s\u00f3n la majoria.<\/p>\n<p>Ens referim a la possibilitat de volar i fotografiar en \u00e0rees urbanes i tamb\u00e9 a prop d&#8217;aeroports, camps de vol i heliports, el que en llenguatge t\u00e8cnic anomenem CTR, una \u00e0rea que pot arribar a tenir 25km. de radi (cas de Barcelona) i en la qual est\u00e0 prohibit volar amb dron si no \u00e9s amb l&#8217;autoritzaci\u00f3 <em> ad hoc<\/em> d&#8217;AESA i d&#8217;ENAIRE.<\/p>\n<p>Per a aconsegur-ho hem de realitzar una quantitat ingent de tr\u00e0mits administratius i proves t\u00e8cniques que suposen molts mesos de preparaci\u00f3 i espera. Per\u00f2, un cop superats, suposar\u00e0 convertir-nos en una de les poqu\u00edssimes empreses de drons amb capacitat legal per treballar en ciutats properes a aeroports, \u00e9s a dir, gaireb\u00e9 qualsevol capital espanyola.<\/p>\n<p>A la pr\u00e0ctica seguir\u00e0 sent inviable fer-ho a Madrid o Barcelona a causa d&#8217;altres restriccions, com l&#8217;exist\u00e8ncia d&#8217;instal\u00b7lacions militars, presons, etc, on segueix estant prohibit volar, a m\u00e9s d&#8217;infinitat d&#8217;heliports que requeririen dels seus propis tr\u00e0mits. Per\u00f2, tot i aix\u00f2, se&#8217;ns obriran les portes a volar en moltes altres ciutats i pobles on ara no podem fer-ho, i poder acceptar aix\u00ed enc\u00e0rrecs que actualment ens veiem obligats a rebutjar. Per exemple, treballs fotogr\u00e0fics per a hotels, empreses immobili\u00e0ries, promotores, empreses de construcci\u00f3 i estudis d&#8217;arquitectura o enginyeria.<\/p>\n<p>No es deixi confondre per el que vegi a la televisi\u00f3 oba les xarxes socials. Est\u00e0 prohibit volar sobre ciutats i a prop d&#8217;aeroports. I es compten amb els dits d&#8217;una m\u00e0 els permisos atorgats fins ara a tota Espanya.<\/p>\n<\/div><div class=\"fusion-clearfix\"><\/div><\/div><\/div><\/div><\/div>\n","protected":false},"excerpt":{"rendered":"","protected":false},"author":1,"featured_media":8657,"comment_status":"closed","ping_status":"closed","sticky":false,"template":"","format":"standard","meta":{"_seopress_robots_primary_cat":"none","_seopress_titles_title":" %%post_title%% ~ Paisatges Verticals, fotografia a\u00e8ria","_seopress_titles_desc":" %%post_excerpt%%","_seopress_robots_index":"","footnotes":""},"categories":[10],"tags":[380,271,461,463,288,163,324,512,349,456],"class_list":{"0":"post-8662","1":"post","2":"type-post","3":"status-publish","4":"format-standard","5":"has-post-thumbnail","7":"category-novetats-sobre-fotografia-i-video-aeri-amb-drons","8":"tag-arquitectura-ca","9":"tag-barcelona-ca","10":"tag-fotografia-aeria","11":"tag-fotografies-drons","12":"tag-girona-ca","13":"tag-immobiliaria","14":"tag-industria-ca","15":"tag-urbanisme","16":"tag-video-aeri","17":"tag-videos-drons"},"_links":{"self":[{"href":"https:\/\/www.paisajesverticales.com\/en\/wp-json\/wp\/v2\/posts\/8662","targetHints":{"allow":["GET"]}}],"collection":[{"href":"https:\/\/www.paisajesverticales.com\/en\/wp-json\/wp\/v2\/posts"}],"about":[{"href":"https:\/\/www.paisajesverticales.com\/en\/wp-json\/wp\/v2\/types\/post"}],"author":[{"embeddable":true,"href":"https:\/\/www.paisajesverticales.com\/en\/wp-json\/wp\/v2\/users\/1"}],"replies":[{"embeddable":true,"href":"https:\/\/www.paisajesverticales.com\/en\/wp-json\/wp\/v2\/comments?post=8662"}],"version-history":[{"count":0,"href":"https:\/\/www.paisajesverticales.com\/en\/wp-json\/wp\/v2\/posts\/8662\/revisions"}],"wp:featuredmedia":[{"embeddable":true,"href":"https:\/\/www.paisajesverticales.com\/en\/wp-json\/wp\/v2\/media\/8657"}],"wp:attachment":[{"href":"https:\/\/www.paisajesverticales.com\/en\/wp-json\/wp\/v2\/media?parent=8662"}],"wp:term":[{"taxonomy":"category","embeddable":true,"href":"https:\/\/www.paisajesverticales.com\/en\/wp-json\/wp\/v2\/categories?post=8662"},{"taxonomy":"post_tag","embeddable":true,"href":"https:\/\/www.paisajesverticales.com\/en\/wp-json\/wp\/v2\/tags?post=8662"}],"curies":[{"name":"wp","href":"https:\/\/api.w.org\/{rel}","templated":true}]}}