{"id":19199,"date":"2025-03-01T12:20:07","date_gmt":"2025-03-01T11:20:07","guid":{"rendered":"https:\/\/www.paisajesverticales.com\/?p=19199"},"modified":"2025-05-23T12:39:36","modified_gmt":"2025-05-23T10:39:36","slug":"fotografies-dinundacions-i-sequeres-per-a-lobservatori-del-paisatge","status":"publish","type":"post","link":"https:\/\/www.paisajesverticales.com\/en\/fotografia-aeria-amb-drons\/fotografies-dinundacions-i-sequeres-per-a-lobservatori-del-paisatge\/","title":{"rendered":"Fotografies d&#8217;inundacions i sequeres per a l&#8217;Observatori del Paisatge"},"content":{"rendered":"<div class=\"fusion-fullwidth fullwidth-box fusion-builder-row-1 nonhundred-percent-fullwidth non-hundred-percent-height-scrolling\" style=\"--awb-border-radius-top-left:0px;--awb-border-radius-top-right:0px;--awb-border-radius-bottom-right:0px;--awb-border-radius-bottom-left:0px;--awb-padding-right:0px;--awb-padding-left:0px;--awb-flex-wrap:wrap;\" ><div class=\"fusion-builder-row fusion-row\"><div class=\"fusion-layout-column fusion_builder_column fusion-builder-column-0 fusion_builder_column_1_1 1_1 fusion-one-full fusion-column-first fusion-column-last\" style=\"--awb-bg-blend:overlay;--awb-bg-size:cover;\"><div class=\"fusion-column-wrapper fusion-flex-column-wrapper-legacy\"><div class=\"fusion-text fusion-text-1\"><p>Per a documentar els efectes d&#8217;inundacions i sequeres en pantans, rius i conreus arreu de Catalunya, l&#8217;Observatori del Paisatge, ens assessor del Departament de Territori i Sostenibilitat de la Generalitat de Catalunya, ens torna a contractar una s\u00e8rie de fotografies amb dron provinents del nostre banc d&#8217;imatges. Es tracta de fotografies realizades, algunes en l&#8217;actualitat i, d&#8217;altres, en episodis anteriors de similars efectes.<\/p>\n<p>El nostre banc d&#8217;imatges consta de desenes de milers de fotografies de tem\u00e0tiques diverses en alta resoluci\u00f3 i estan a la venda pr\u00e8via sol\u00b7licitud.<\/p>\n<\/div><div class=\"fusion-sep-clear\"><\/div><div class=\"fusion-separator fusion-full-width-sep\" style=\"margin-left: auto;margin-right: auto;margin-top:15px;width:100%;\"><\/div><div class=\"fusion-sep-clear\"><\/div><div class=\"awb-gallery-wrapper awb-gallery-wrapper-1 button-span-no\" style=\"--more-btn-alignment:center;\"><div style=\"margin:-5px;--awb-bordersize:0px;\" class=\"fusion-gallery fusion-gallery-container fusion-grid-2 fusion-columns-total-5 fusion-gallery-layout-grid fusion-gallery-1\"><div style=\"padding:5px;\" class=\"fusion-grid-column fusion-gallery-column fusion-gallery-column-2 hover-type-none\"><div class=\"fusion-gallery-image\"><a href=\"https:\/\/www.paisajesverticales.com\/WP\/wp-content\/uploads\/20170817-152028-WEB.jpg\" rel=\"noreferrer\" data-rel=\"iLightbox[gallery_image_1]\" class=\"fusion-lightbox\" target=\"_self\"><img decoding=\"async\" src=\"https:\/\/www.paisajesverticales.com\/WP\/wp-content\/uploads\/20170817-152028-WEB.jpg\" width=\"1200\" height=\"800\" alt=\"\" title=\"20170817-152028-WEB\" aria-label=\"20170817-152028-WEB\" class=\"img-responsive wp-image-19203 fusion-gallery-image-size-fixed\" srcset=\"https:\/\/www.paisajesverticales.com\/WP\/wp-content\/uploads\/20170817-152028-WEB-200x133.jpg 200w, https:\/\/www.paisajesverticales.com\/WP\/wp-content\/uploads\/20170817-152028-WEB-400x267.jpg 400w, https:\/\/www.paisajesverticales.com\/WP\/wp-content\/uploads\/20170817-152028-WEB-600x400.jpg 600w, https:\/\/www.paisajesverticales.com\/WP\/wp-content\/uploads\/20170817-152028-WEB-800x533.jpg 800w, https:\/\/www.paisajesverticales.com\/WP\/wp-content\/uploads\/20170817-152028-WEB.jpg 1200w\" sizes=\"(min-width: 2200px) 100vw, (min-width: 672px) 588px, (min-width: 640px) 672px, \" \/><\/a><\/div><\/div><div style=\"padding:5px;\" class=\"fusion-grid-column fusion-gallery-column fusion-gallery-column-2 hover-type-none\"><div class=\"fusion-gallery-image\"><a href=\"https:\/\/www.paisajesverticales.com\/WP\/wp-content\/uploads\/20160622-140642-WEB.jpg\" rel=\"noreferrer\" data-rel=\"iLightbox[gallery_image_1]\" class=\"fusion-lightbox\" target=\"_self\"><img decoding=\"async\" src=\"https:\/\/www.paisajesverticales.com\/WP\/wp-content\/uploads\/20160622-140642-WEB.jpg\" width=\"1200\" height=\"800\" alt=\"\" title=\"Dam of the swamp of Sau (Catalonia). Zenital view from a drone.\" aria-label=\"Dam of the swamp of Sau (Catalonia). Zenital view from a drone.\" class=\"img-responsive wp-image-19201 fusion-gallery-image-size-fixed\" srcset=\"https:\/\/www.paisajesverticales.com\/WP\/wp-content\/uploads\/20160622-140642-WEB-200x133.jpg 200w, https:\/\/www.paisajesverticales.com\/WP\/wp-content\/uploads\/20160622-140642-WEB-400x267.jpg 400w, https:\/\/www.paisajesverticales.com\/WP\/wp-content\/uploads\/20160622-140642-WEB-600x400.jpg 600w, https:\/\/www.paisajesverticales.com\/WP\/wp-content\/uploads\/20160622-140642-WEB-800x533.jpg 800w, https:\/\/www.paisajesverticales.com\/WP\/wp-content\/uploads\/20160622-140642-WEB.jpg 1200w\" sizes=\"(min-width: 2200px) 100vw, (min-width: 672px) 588px, (min-width: 640px) 672px, \" \/><\/a><\/div><\/div><div class=\"clearfix\"><\/div><div style=\"padding:5px;\" class=\"fusion-grid-column fusion-gallery-column fusion-gallery-column-2 hover-type-none\"><div class=\"fusion-gallery-image\"><a href=\"https:\/\/www.paisajesverticales.com\/WP\/wp-content\/uploads\/20170807-145224-WEB.jpg\" rel=\"noreferrer\" data-rel=\"iLightbox[gallery_image_1]\" class=\"fusion-lightbox\" target=\"_self\"><img decoding=\"async\" src=\"https:\/\/www.paisajesverticales.com\/WP\/wp-content\/uploads\/20170807-145224-WEB.jpg\" width=\"1200\" height=\"800\" alt=\"\" title=\"Cultivated fields next to the Tordera river (Girona) taken from\" aria-label=\"Cultivated fields next to the Tordera river (Girona) taken from\" class=\"img-responsive wp-image-19202 fusion-gallery-image-size-fixed\" srcset=\"https:\/\/www.paisajesverticales.com\/WP\/wp-content\/uploads\/20170807-145224-WEB-200x133.jpg 200w, https:\/\/www.paisajesverticales.com\/WP\/wp-content\/uploads\/20170807-145224-WEB-400x267.jpg 400w, https:\/\/www.paisajesverticales.com\/WP\/wp-content\/uploads\/20170807-145224-WEB-600x400.jpg 600w, https:\/\/www.paisajesverticales.com\/WP\/wp-content\/uploads\/20170807-145224-WEB-800x533.jpg 800w, https:\/\/www.paisajesverticales.com\/WP\/wp-content\/uploads\/20170807-145224-WEB.jpg 1200w\" sizes=\"(min-width: 2200px) 100vw, (min-width: 672px) 588px, (min-width: 640px) 672px, \" \/><\/a><\/div><\/div><div style=\"padding:5px;\" class=\"fusion-grid-column fusion-gallery-column fusion-gallery-column-2 hover-type-none\"><div class=\"fusion-gallery-image\"><a href=\"https:\/\/www.paisajesverticales.com\/WP\/wp-content\/uploads\/20200123-134925-WEB.jpg\" rel=\"noreferrer\" data-rel=\"iLightbox[gallery_image_1]\" class=\"fusion-lightbox\" target=\"_self\"><img decoding=\"async\" src=\"https:\/\/www.paisajesverticales.com\/WP\/wp-content\/uploads\/20200123-134925-WEB.jpg\" width=\"1200\" height=\"799\" alt=\"\" title=\"Overflow of the Ter river\" aria-label=\"Overflow of the Ter river\" class=\"img-responsive wp-image-19204 fusion-gallery-image-size-fixed\" srcset=\"https:\/\/www.paisajesverticales.com\/WP\/wp-content\/uploads\/20200123-134925-WEB-200x133.jpg 200w, https:\/\/www.paisajesverticales.com\/WP\/wp-content\/uploads\/20200123-134925-WEB-400x266.jpg 400w, https:\/\/www.paisajesverticales.com\/WP\/wp-content\/uploads\/20200123-134925-WEB-600x400.jpg 600w, https:\/\/www.paisajesverticales.com\/WP\/wp-content\/uploads\/20200123-134925-WEB-800x533.jpg 800w, https:\/\/www.paisajesverticales.com\/WP\/wp-content\/uploads\/20200123-134925-WEB.jpg 1200w\" sizes=\"(min-width: 2200px) 100vw, (min-width: 672px) 588px, (min-width: 640px) 672px, \" \/><\/a><\/div><\/div><div class=\"clearfix\"><\/div><div style=\"padding:5px;\" class=\"fusion-grid-column fusion-gallery-column fusion-gallery-column-2 hover-type-none\"><div class=\"fusion-gallery-image\"><a href=\"https:\/\/www.paisajesverticales.com\/WP\/wp-content\/uploads\/20210721-140941-WEB.jpg\" rel=\"noreferrer\" data-rel=\"iLightbox[gallery_image_1]\" class=\"fusion-lightbox\" target=\"_self\"><img decoding=\"async\" src=\"https:\/\/www.paisajesverticales.com\/WP\/wp-content\/uploads\/20210721-140941-WEB.jpg\" width=\"1200\" height=\"799\" alt=\"\" title=\"Darnius-Boadella swamp\" aria-label=\"Darnius-Boadella swamp\" class=\"img-responsive wp-image-19205 fusion-gallery-image-size-fixed\" srcset=\"https:\/\/www.paisajesverticales.com\/WP\/wp-content\/uploads\/20210721-140941-WEB-200x133.jpg 200w, https:\/\/www.paisajesverticales.com\/WP\/wp-content\/uploads\/20210721-140941-WEB-400x266.jpg 400w, https:\/\/www.paisajesverticales.com\/WP\/wp-content\/uploads\/20210721-140941-WEB-600x400.jpg 600w, https:\/\/www.paisajesverticales.com\/WP\/wp-content\/uploads\/20210721-140941-WEB-800x533.jpg 800w, https:\/\/www.paisajesverticales.com\/WP\/wp-content\/uploads\/20210721-140941-WEB.jpg 1200w\" sizes=\"(min-width: 2200px) 100vw, (min-width: 672px) 588px, (min-width: 640px) 672px, \" \/><\/a><\/div><\/div><\/div><\/div><div class=\"fusion-clearfix\"><\/div><\/div><\/div><\/div><\/div>\n","protected":false},"excerpt":{"rendered":"","protected":false},"author":1,"featured_media":19205,"comment_status":"closed","ping_status":"closed","sticky":false,"template":"","format":"standard","meta":{"_seopress_robots_primary_cat":"none","_seopress_titles_title":"%%post_title%% ~ Paisajes Verticales, fotograf\u00eda a\u00e9rea","_seopress_titles_desc":"%%post_excerpt%%","_seopress_robots_index":"","footnotes":""},"categories":[80],"tags":[588,517,466,461,463,273],"class_list":{"0":"post-19199","1":"post","2":"type-post","3":"status-publish","4":"format-standard","5":"has-post-thumbnail","7":"category-fotografia-aeria-amb-drons","8":"tag-banc-de-imatges","9":"tag-catalunya","10":"tag-comarques-de-girona","11":"tag-fotografia-aeria","12":"tag-fotografies-drons","13":"tag-paisatge"},"_links":{"self":[{"href":"https:\/\/www.paisajesverticales.com\/en\/wp-json\/wp\/v2\/posts\/19199","targetHints":{"allow":["GET"]}}],"collection":[{"href":"https:\/\/www.paisajesverticales.com\/en\/wp-json\/wp\/v2\/posts"}],"about":[{"href":"https:\/\/www.paisajesverticales.com\/en\/wp-json\/wp\/v2\/types\/post"}],"author":[{"embeddable":true,"href":"https:\/\/www.paisajesverticales.com\/en\/wp-json\/wp\/v2\/users\/1"}],"replies":[{"embeddable":true,"href":"https:\/\/www.paisajesverticales.com\/en\/wp-json\/wp\/v2\/comments?post=19199"}],"version-history":[{"count":0,"href":"https:\/\/www.paisajesverticales.com\/en\/wp-json\/wp\/v2\/posts\/19199\/revisions"}],"wp:featuredmedia":[{"embeddable":true,"href":"https:\/\/www.paisajesverticales.com\/en\/wp-json\/wp\/v2\/media\/19205"}],"wp:attachment":[{"href":"https:\/\/www.paisajesverticales.com\/en\/wp-json\/wp\/v2\/media?parent=19199"}],"wp:term":[{"taxonomy":"category","embeddable":true,"href":"https:\/\/www.paisajesverticales.com\/en\/wp-json\/wp\/v2\/categories?post=19199"},{"taxonomy":"post_tag","embeddable":true,"href":"https:\/\/www.paisajesverticales.com\/en\/wp-json\/wp\/v2\/tags?post=19199"}],"curies":[{"name":"wp","href":"https:\/\/api.w.org\/{rel}","templated":true}]}}