{"id":19188,"date":"2023-11-13T11:49:06","date_gmt":"2023-11-13T10:49:06","guid":{"rendered":"https:\/\/www.paisajesverticales.com\/?p=19188"},"modified":"2025-05-23T12:08:52","modified_gmt":"2025-05-23T10:08:52","slug":"fotografies-aeries-per-a-una-reforma-arquitectonica-a-pals","status":"publish","type":"post","link":"https:\/\/www.paisajesverticales.com\/en\/fotografia-aeria-amb-drons\/fotografies-aeries-per-a-una-reforma-arquitectonica-a-pals\/","title":{"rendered":"Fotografies a\u00e8ries per a una reforma arquitect\u00f2nica a Pals"},"content":{"rendered":"<div class=\"fusion-fullwidth fullwidth-box fusion-builder-row-1 nonhundred-percent-fullwidth non-hundred-percent-height-scrolling\" style=\"--awb-border-radius-top-left:0px;--awb-border-radius-top-right:0px;--awb-border-radius-bottom-right:0px;--awb-border-radius-bottom-left:0px;--awb-padding-right:0px;--awb-padding-left:0px;--awb-flex-wrap:wrap;\" ><div class=\"fusion-builder-row fusion-row\"><div class=\"fusion-layout-column fusion_builder_column fusion-builder-column-0 fusion_builder_column_1_1 1_1 fusion-one-full fusion-column-first fusion-column-last\" style=\"--awb-bg-blend:overlay;--awb-bg-size:cover;\"><div class=\"fusion-column-wrapper fusion-flex-column-wrapper-legacy\"><div class=\"fusion-text fusion-text-1\"><p>L&#8217;empresa de promocions immobili\u00e0ries Cases Singulars ens demana que fotografiem amb el dron una ic\u00f2nica construcci\u00f3 en el municipi de Pals (Baix Empord\u00e0) que est\u00e0 previst reformar i reconvertir properament. La situaci\u00f3 de l&#8217;immoble, situat en el bell mig de casc urb\u00e0, a m\u00e9s de trobar-se dins l&#8217;\u00e0rea de seguretat de 2 aer\u00f2droms, va requerir una gesti\u00f3 d&#8217;autoritzacions una mica complexa.<\/p>\n<\/div><div class=\"fusion-sep-clear\"><\/div><div class=\"fusion-separator fusion-full-width-sep\" style=\"margin-left: auto;margin-right: auto;margin-top:15px;width:100%;\"><\/div><div class=\"fusion-sep-clear\"><\/div><div class=\"awb-gallery-wrapper awb-gallery-wrapper-1 button-span-no\" style=\"--more-btn-alignment:center;\"><div style=\"margin:-5px;--awb-bordersize:0px;\" class=\"fusion-gallery fusion-gallery-container fusion-grid-2 fusion-columns-total-4 fusion-gallery-layout-grid fusion-gallery-1\"><div style=\"padding:5px;\" class=\"fusion-grid-column fusion-gallery-column fusion-gallery-column-2 hover-type-none\"><div class=\"fusion-gallery-image\"><a href=\"https:\/\/www.paisajesverticales.com\/WP\/wp-content\/uploads\/20231113-120334-WEB.jpg\" rel=\"noreferrer\" data-rel=\"iLightbox[gallery_image_1]\" class=\"fusion-lightbox\" target=\"_self\"><img decoding=\"async\" src=\"https:\/\/www.paisajesverticales.com\/WP\/wp-content\/uploads\/20231113-120334-WEB.jpg\" width=\"1200\" height=\"800\" alt=\"\" title=\"default\" aria-label=\"default\" class=\"img-responsive wp-image-19193 fusion-gallery-image-size-fixed\" srcset=\"https:\/\/www.paisajesverticales.com\/WP\/wp-content\/uploads\/20231113-120334-WEB-200x133.jpg 200w, https:\/\/www.paisajesverticales.com\/WP\/wp-content\/uploads\/20231113-120334-WEB-400x267.jpg 400w, https:\/\/www.paisajesverticales.com\/WP\/wp-content\/uploads\/20231113-120334-WEB-600x400.jpg 600w, https:\/\/www.paisajesverticales.com\/WP\/wp-content\/uploads\/20231113-120334-WEB-800x533.jpg 800w, https:\/\/www.paisajesverticales.com\/WP\/wp-content\/uploads\/20231113-120334-WEB.jpg 1200w\" sizes=\"(min-width: 2200px) 100vw, (min-width: 672px) 588px, (min-width: 640px) 672px, \" \/><\/a><\/div><\/div><div style=\"padding:5px;\" class=\"fusion-grid-column fusion-gallery-column fusion-gallery-column-2 hover-type-none\"><div class=\"fusion-gallery-image\"><a href=\"https:\/\/www.paisajesverticales.com\/WP\/wp-content\/uploads\/20231113-120957-WEB.jpg\" rel=\"noreferrer\" data-rel=\"iLightbox[gallery_image_1]\" class=\"fusion-lightbox\" target=\"_self\"><img decoding=\"async\" src=\"https:\/\/www.paisajesverticales.com\/WP\/wp-content\/uploads\/20231113-120957-WEB.jpg\" width=\"1200\" height=\"800\" alt=\"\" title=\"default\" aria-label=\"default\" class=\"img-responsive wp-image-19192 fusion-gallery-image-size-fixed\" srcset=\"https:\/\/www.paisajesverticales.com\/WP\/wp-content\/uploads\/20231113-120957-WEB-200x133.jpg 200w, https:\/\/www.paisajesverticales.com\/WP\/wp-content\/uploads\/20231113-120957-WEB-400x267.jpg 400w, https:\/\/www.paisajesverticales.com\/WP\/wp-content\/uploads\/20231113-120957-WEB-600x400.jpg 600w, https:\/\/www.paisajesverticales.com\/WP\/wp-content\/uploads\/20231113-120957-WEB-800x533.jpg 800w, https:\/\/www.paisajesverticales.com\/WP\/wp-content\/uploads\/20231113-120957-WEB.jpg 1200w\" sizes=\"(min-width: 2200px) 100vw, (min-width: 672px) 588px, (min-width: 640px) 672px, \" \/><\/a><\/div><\/div><div class=\"clearfix\"><\/div><div style=\"padding:5px;\" class=\"fusion-grid-column fusion-gallery-column fusion-gallery-column-2 hover-type-none\"><div class=\"fusion-gallery-image\"><a href=\"https:\/\/www.paisajesverticales.com\/WP\/wp-content\/uploads\/20231113-121537-WEB.jpg\" rel=\"noreferrer\" data-rel=\"iLightbox[gallery_image_1]\" class=\"fusion-lightbox\" target=\"_self\"><img decoding=\"async\" src=\"https:\/\/www.paisajesverticales.com\/WP\/wp-content\/uploads\/20231113-121537-WEB.jpg\" width=\"1200\" height=\"900\" alt=\"\" title=\"default\" aria-label=\"default\" class=\"img-responsive wp-image-19191 fusion-gallery-image-size-fixed\" srcset=\"https:\/\/www.paisajesverticales.com\/WP\/wp-content\/uploads\/20231113-121537-WEB-200x150.jpg 200w, https:\/\/www.paisajesverticales.com\/WP\/wp-content\/uploads\/20231113-121537-WEB-400x300.jpg 400w, https:\/\/www.paisajesverticales.com\/WP\/wp-content\/uploads\/20231113-121537-WEB-600x450.jpg 600w, https:\/\/www.paisajesverticales.com\/WP\/wp-content\/uploads\/20231113-121537-WEB-800x600.jpg 800w, https:\/\/www.paisajesverticales.com\/WP\/wp-content\/uploads\/20231113-121537-WEB.jpg 1200w\" sizes=\"(min-width: 2200px) 100vw, (min-width: 672px) 588px, (min-width: 640px) 672px, \" \/><\/a><\/div><\/div><div style=\"padding:5px;\" class=\"fusion-grid-column fusion-gallery-column fusion-gallery-column-2 hover-type-none\"><div class=\"fusion-gallery-image\"><a href=\"https:\/\/www.paisajesverticales.com\/WP\/wp-content\/uploads\/20231113-120838-WEB.jpg\" rel=\"noreferrer\" data-rel=\"iLightbox[gallery_image_1]\" class=\"fusion-lightbox\" target=\"_self\"><img decoding=\"async\" src=\"https:\/\/www.paisajesverticales.com\/WP\/wp-content\/uploads\/20231113-120838-WEB.jpg\" width=\"1200\" height=\"800\" alt=\"\" title=\"default\" aria-label=\"default\" class=\"img-responsive wp-image-19190 fusion-gallery-image-size-fixed\" srcset=\"https:\/\/www.paisajesverticales.com\/WP\/wp-content\/uploads\/20231113-120838-WEB-200x133.jpg 200w, https:\/\/www.paisajesverticales.com\/WP\/wp-content\/uploads\/20231113-120838-WEB-400x267.jpg 400w, https:\/\/www.paisajesverticales.com\/WP\/wp-content\/uploads\/20231113-120838-WEB-600x400.jpg 600w, https:\/\/www.paisajesverticales.com\/WP\/wp-content\/uploads\/20231113-120838-WEB-800x533.jpg 800w, https:\/\/www.paisajesverticales.com\/WP\/wp-content\/uploads\/20231113-120838-WEB.jpg 1200w\" sizes=\"(min-width: 2200px) 100vw, (min-width: 672px) 588px, (min-width: 640px) 672px, \" \/><\/a><\/div><\/div><div class=\"clearfix\"><\/div><\/div><\/div><div class=\"fusion-clearfix\"><\/div><\/div><\/div><\/div><\/div>\n","protected":false},"excerpt":{"rendered":"","protected":false},"author":1,"featured_media":19192,"comment_status":"closed","ping_status":"closed","sticky":false,"template":"","format":"standard","meta":{"_seopress_robots_primary_cat":"none","_seopress_titles_title":"%%post_title%% ~ Paisatges Verticals, fotografia a\u00e8ria","_seopress_titles_desc":"%%post_excerpt%%","_seopress_robots_index":"","footnotes":""},"categories":[80],"tags":[380,276,466,550,298,283,461,463,163,549,586],"class_list":{"0":"post-19188","1":"post","2":"type-post","3":"status-publish","4":"format-standard","5":"has-post-thumbnail","7":"category-fotografia-aeria-amb-drons","8":"tag-arquitectura-ca","9":"tag-baix-emporda-ca","10":"tag-comarques-de-girona","11":"tag-construccio-ca","12":"tag-costa-brava-ca","13":"tag-emporda-ca","14":"tag-fotografia-aeria","15":"tag-fotografies-drons","16":"tag-immobiliaria","17":"tag-obres-ca","18":"tag-pals"},"_links":{"self":[{"href":"https:\/\/www.paisajesverticales.com\/en\/wp-json\/wp\/v2\/posts\/19188","targetHints":{"allow":["GET"]}}],"collection":[{"href":"https:\/\/www.paisajesverticales.com\/en\/wp-json\/wp\/v2\/posts"}],"about":[{"href":"https:\/\/www.paisajesverticales.com\/en\/wp-json\/wp\/v2\/types\/post"}],"author":[{"embeddable":true,"href":"https:\/\/www.paisajesverticales.com\/en\/wp-json\/wp\/v2\/users\/1"}],"replies":[{"embeddable":true,"href":"https:\/\/www.paisajesverticales.com\/en\/wp-json\/wp\/v2\/comments?post=19188"}],"version-history":[{"count":0,"href":"https:\/\/www.paisajesverticales.com\/en\/wp-json\/wp\/v2\/posts\/19188\/revisions"}],"wp:featuredmedia":[{"embeddable":true,"href":"https:\/\/www.paisajesverticales.com\/en\/wp-json\/wp\/v2\/media\/19192"}],"wp:attachment":[{"href":"https:\/\/www.paisajesverticales.com\/en\/wp-json\/wp\/v2\/media?parent=19188"}],"wp:term":[{"taxonomy":"category","embeddable":true,"href":"https:\/\/www.paisajesverticales.com\/en\/wp-json\/wp\/v2\/categories?post=19188"},{"taxonomy":"post_tag","embeddable":true,"href":"https:\/\/www.paisajesverticales.com\/en\/wp-json\/wp\/v2\/tags?post=19188"}],"curies":[{"name":"wp","href":"https:\/\/api.w.org\/{rel}","templated":true}]}}