{"id":11042,"date":"2021-01-18T12:00:39","date_gmt":"2021-01-18T11:00:39","guid":{"rendered":"https:\/\/www.paisajesverticales.com\/?p=11042"},"modified":"2021-02-09T11:43:12","modified_gmt":"2021-02-09T10:43:12","slug":"publiquem-a-la-revista-sostenible-de-la-diputacio-de-barcelona","status":"publish","type":"post","link":"https:\/\/www.paisajesverticales.com\/en\/fotografia-aeria-amb-drons\/publiquem-a-la-revista-sostenible-de-la-diputacio-de-barcelona\/","title":{"rendered":"Publiquem a la revista Sostenible, de la Diputaci\u00f3 de Barcelona"},"content":{"rendered":"<div class=\"fusion-fullwidth fullwidth-box fusion-builder-row-1 nonhundred-percent-fullwidth non-hundred-percent-height-scrolling\" style=\"--awb-border-radius-top-left:0px;--awb-border-radius-top-right:0px;--awb-border-radius-bottom-right:0px;--awb-border-radius-bottom-left:0px;--awb-padding-right:0px;--awb-padding-left:0px;--awb-flex-wrap:wrap;\" ><div class=\"fusion-builder-row fusion-row\"><div class=\"fusion-layout-column fusion_builder_column fusion-builder-column-0 fusion_builder_column_1_1 1_1 fusion-one-full fusion-column-first fusion-column-last\" style=\"--awb-bg-size:cover;\"><div class=\"fusion-column-wrapper fusion-flex-column-wrapper-legacy\"><div class=\"fusion-text fusion-text-1\"><p>Avui publiquem a la revista <a href=\"https:\/\/www.sostenible.cat\/reportatge\/governanca-litoral-cap-a-un-canvi-de-paradigma\" target=\"_blank\" rel=\"noopener\"><strong>Sostenible<\/strong><\/a>, que edita la Diputaci\u00f3 de Barcelona, una imatge a\u00e8ria que vam fer per a SOS Costa Brava a Sa Riera (Begur, Baix Empord\u00e0), en un article titulat &#8220;<strong>Governan\u00e7a litoral: cap a un canvi de paradigma?<\/strong>&#8220;<\/p>\n<p>Les cales begurenques de Sa Riera, Aiguafreda i Fornells, especialment, per\u00f2 tamb\u00e9 molts altres llocs de la Costa Brava, han vist malm\u00e8s del seu paisatge de forma \u00a0ja irrreversible, sotmeses a una pressi\u00f3 urban\u00edstica i especulativa sense aturador.<\/p>\n<p>Sense oposar-nos en absolut a un creixement urban\u00edstic respectu\u00f3s amb l&#8217;entorn i les tradicions locals, ni a el desenvolupament ordenat dels sectors tur\u00edstic i immobiliari, des de Paisatges Verticals posem sempre el nostre granet de sorra per intentar impedir atemptats paisatg\u00edstics, l&#8217;\u00fanic objectiu dels quals \u00e9s, tot sovint, la pura especulaci\u00f3 financera.<\/p>\n<\/div><div class=\"fusion-clearfix\"><\/div><\/div><\/div><\/div><\/div>\n","protected":false},"excerpt":{"rendered":"","protected":false},"author":1,"featured_media":11045,"comment_status":"closed","ping_status":"closed","sticky":false,"template":"","format":"standard","meta":{"_seopress_robots_primary_cat":"none","_seopress_titles_title":" %%post_title%% ~ Paisatges Verticals, fotografia a\u00e8ria","_seopress_titles_desc":" %%post_excerpt%%","_seopress_robots_index":"","footnotes":""},"categories":[80],"tags":[276,422,466,298,283,461,463,288,324,325,471,273,512],"class_list":{"0":"post-11042","1":"post","2":"type-post","3":"status-publish","4":"format-standard","5":"has-post-thumbnail","7":"category-fotografia-aeria-amb-drons","8":"tag-baix-emporda-ca","9":"tag-begur-ca","10":"tag-comarques-de-girona","11":"tag-costa-brava-ca","12":"tag-emporda-ca","13":"tag-fotografia-aeria","14":"tag-fotografies-drons","15":"tag-girona-ca","16":"tag-industria-ca","17":"tag-litoral-ca","18":"tag-observacio-amb-drons","19":"tag-paisatge","20":"tag-urbanisme"},"_links":{"self":[{"href":"https:\/\/www.paisajesverticales.com\/en\/wp-json\/wp\/v2\/posts\/11042","targetHints":{"allow":["GET"]}}],"collection":[{"href":"https:\/\/www.paisajesverticales.com\/en\/wp-json\/wp\/v2\/posts"}],"about":[{"href":"https:\/\/www.paisajesverticales.com\/en\/wp-json\/wp\/v2\/types\/post"}],"author":[{"embeddable":true,"href":"https:\/\/www.paisajesverticales.com\/en\/wp-json\/wp\/v2\/users\/1"}],"replies":[{"embeddable":true,"href":"https:\/\/www.paisajesverticales.com\/en\/wp-json\/wp\/v2\/comments?post=11042"}],"version-history":[{"count":0,"href":"https:\/\/www.paisajesverticales.com\/en\/wp-json\/wp\/v2\/posts\/11042\/revisions"}],"wp:featuredmedia":[{"embeddable":true,"href":"https:\/\/www.paisajesverticales.com\/en\/wp-json\/wp\/v2\/media\/11045"}],"wp:attachment":[{"href":"https:\/\/www.paisajesverticales.com\/en\/wp-json\/wp\/v2\/media?parent=11042"}],"wp:term":[{"taxonomy":"category","embeddable":true,"href":"https:\/\/www.paisajesverticales.com\/en\/wp-json\/wp\/v2\/categories?post=11042"},{"taxonomy":"post_tag","embeddable":true,"href":"https:\/\/www.paisajesverticales.com\/en\/wp-json\/wp\/v2\/tags?post=11042"}],"curies":[{"name":"wp","href":"https:\/\/api.w.org\/{rel}","templated":true}]}}